{"id":2750,"date":"2025-07-24T08:55:16","date_gmt":"2025-07-24T05:55:16","guid":{"rendered":"https:\/\/el-vis.com\/fi\/?p=2750"},"modified":"2025-10-13T13:16:37","modified_gmt":"2025-10-13T10:16:37","slug":"kaapelimitoitus-vertailussa-febdok-vs-el-vis-kumpi-on-sahkoammattilaisen-paras-tyokalu","status":"publish","type":"post","link":"https:\/\/el-vis.com\/fi\/fi\/uutiset\/kaapelimitoitus-vertailussa-febdok-vs-el-vis-kumpi-on-sahkoammattilaisen-paras-tyokalu\/","title":{"rendered":"Kaapelimitoitus vertailussa:\u00a0 Febdok vs EL-VIS \u2013 Kumpi on s\u00e4hk\u00f6ammattilaisen paras ty\u00f6kalu?\u00a0\u00a0"},"content":{"rendered":"\n<p>Kaapelimitoitus on kriittinen osa turvallista ja luotettavaa s\u00e4hk\u00f6asennusta. Liian pieni kaapeli voi johtaa ylikuumenemiseen ja turvallisuusriskeihin, liian suuri taas tarpeettomiin kustannuksiin. Silti moni s\u00e4hk\u00f6alan ammattilainen tukeutuu edelleen omiin &#8221;hihavakioihin&#8221; tai laskukaavioihin, joiden p\u00e4ivitt\u00e4misest\u00e4 saattaa olla kulunut jo tovi.&nbsp;&nbsp;<\/p>\n\n\n\n<p>Nykyiset standardit ja dokumentointivaatimukset edellytt\u00e4v\u00e4t kuitenkin aiempaa tarkempaa ja perusteltua mitoitusta. Kun kohteet monimutkaistuvat, esimerkiksi s\u00e4hk\u00f6autojen latausasemien tai aurinkos\u00e4hk\u00f6n my\u00f6t\u00e4 \u2013 mitoitusty\u00f6kalun merkitys kasvaa.&nbsp;&nbsp;<\/p>\n\n\n\n<p>T\u00e4ss\u00e4 blogissa vertailemme kahta Suomessa k\u00e4ytetty\u00e4 ty\u00f6kalua: Febdok ja EL-VIS. Molemmat ovat luotettavia ja takaavat mitoitusten standardienmukaisuuden, mutta ne soveltuvat hieman eri tarpeisiin ominaisuuksien ja k\u00e4ytt\u00e4jien n\u00e4k\u00f6kulmasta.&nbsp;<\/p>\n\n\n\n<div style=\"height:50px\" aria-hidden=\"true\" class=\"wp-block-spacer\"><\/div>\n\n\n\n<h2 class=\"wp-block-heading has-medium-font-size\">Febdok \u2013 suunnitteluty\u00f6kalu erikoiskohteisiin&nbsp;&nbsp;<\/h2>\n\n\n\n<p>Febdok on suunniteltu erityisesti s\u00e4hk\u00f6suunnittelijoille, jotka ty\u00f6skentelev\u00e4t vaativien s\u00e4hk\u00f6asennusten parissa. Pitk\u00e4\u00e4n alalla ollut Febdok on tunnettu kattavista teknisist\u00e4 laskentaominaisuuksistaan.&nbsp;<\/p>\n\n\n\n<ul class=\"wp-block-list\">\n<li>Perinteinen, asennettava ohjelmisto&nbsp;<\/li>\n\n\n\n<li>Kaapelimitoitus perustuu valmistajakohtaisiin tuotetietoihin&nbsp;<\/li>\n\n\n\n<li>Tukee laajoja teknisi\u00e4 analyysej\u00e4, kuten valokaari- tai selektiivisyyslaskentaa&nbsp;<\/li>\n\n\n\n<li>Soveltuu erityisesti suunnittelutoimistoihin, monimutkaisiin kohteisiin&nbsp;<\/li>\n<\/ul>\n\n\n\n<figure class=\"wp-block-image size-full is-resized\"><img decoding=\"async\" width=\"839\" height=\"631\" data-src=\"https:\/\/cdn10757.templcdn.com\/fi\/wp-content\/uploads\/sites\/4\/2025\/07\/Febdok_mitoitus-kayttoliittyma_EL-VIS.png\" alt=\"Kuva Febdok-ohjelmiston k\u00e4ytt\u00f6liittym\u00e4st\u00e4.\" class=\"wp-image-2757 lazyload\" style=\"--smush-placeholder-width: 839px; --smush-placeholder-aspect-ratio: 839\/631;width:557px;height:auto\" data-srcset=\"https:\/\/cdn10757.templcdn.com\/fi\/wp-content\/uploads\/sites\/4\/2025\/07\/Febdok_mitoitus-kayttoliittyma_EL-VIS.png 839w, https:\/\/cdn10757.templcdn.com\/fi\/wp-content\/uploads\/sites\/4\/2025\/07\/Febdok_mitoitus-kayttoliittyma_EL-VIS-300x226.png 300w, https:\/\/cdn10757.templcdn.com\/fi\/wp-content\/uploads\/sites\/4\/2025\/07\/Febdok_mitoitus-kayttoliittyma_EL-VIS-768x578.png 768w\" data-sizes=\"(max-width: 839px) 100vw, 839px\" src=\"data:image\/svg+xml;base64,PHN2ZyB3aWR0aD0iMSIgaGVpZ2h0PSIxIiB4bWxucz0iaHR0cDovL3d3dy53My5vcmcvMjAwMC9zdmciPjwvc3ZnPg==\" \/><figcaption class=\"wp-element-caption\">Kuva Febdok-ohjelmiston k\u00e4ytt\u00f6liittym\u00e4st\u00e4.<\/figcaption><\/figure>\n\n\n\n<div style=\"height:30px\" aria-hidden=\"true\" class=\"wp-block-spacer\"><\/div>\n\n\n\n<h2 class=\"wp-block-heading has-medium-font-size\">EL-VIS \u2013 moderni ty\u00f6kalu kent\u00e4lle ja arjen mitoituksiin&nbsp;&nbsp;<\/h2>\n\n\n\n<p>EL-VIS on selainpohjainen ohjelmisto, joka tuo kaapelimitoituksen nykyaikaan. Se on kehitetty erityisesti asentajien, urakoitsijoiden ja liikkuvien ammattilaisten tarpeisiin: nopeaan, helppok\u00e4ytt\u00f6iseen ja visuaaliseen mitoitukseen \u2013 my\u00f6s mobiililaitteilla.&nbsp;<\/p>\n\n\n\n<ul class=\"wp-block-list\">\n<li>Selainpohjainen, toimii ilman asennuksia my\u00f6s mobiilissa&nbsp;<\/li>\n\n\n\n<li>Laskenta perustuu standardin mukaisiin kaapelityyppeihin&nbsp;<\/li>\n\n\n\n<li>Tarjoaa visuaaliset kaaviot, kaapelien energiatehokkuusvertailun sek\u00e4 p\u00f6yt\u00e4kirjat \u2013 joiden avulla perustelet ratkaisut nopeasti my\u00f6s tilaajalle&nbsp;<\/li>\n\n\n\n<li>Ihanteellinen urakoitsijoille ja asentajille&nbsp;<\/li>\n<\/ul>\n\n\n\n<figure class=\"wp-block-image size-large\"><img decoding=\"async\" width=\"1024\" height=\"536\" data-src=\"https:\/\/cdn10757.templcdn.com\/fi\/wp-content\/uploads\/sites\/4\/2025\/07\/EL-VIS-kaapelin-mitoitus-kayttoliittyma-1024x536.png\" alt=\"Kuva EL-VIS-ohjelmiston k\u00e4ytt\u00f6liittym\u00e4st\u00e4.\" class=\"wp-image-2755 lazyload\" data-srcset=\"https:\/\/cdn10757.templcdn.com\/fi\/wp-content\/uploads\/sites\/4\/2025\/07\/EL-VIS-kaapelin-mitoitus-kayttoliittyma-1024x536.png 1024w, https:\/\/cdn10757.templcdn.com\/fi\/wp-content\/uploads\/sites\/4\/2025\/07\/EL-VIS-kaapelin-mitoitus-kayttoliittyma-300x157.png 300w, https:\/\/cdn10757.templcdn.com\/fi\/wp-content\/uploads\/sites\/4\/2025\/07\/EL-VIS-kaapelin-mitoitus-kayttoliittyma-768x402.png 768w, https:\/\/cdn10757.templcdn.com\/fi\/wp-content\/uploads\/sites\/4\/2025\/07\/EL-VIS-kaapelin-mitoitus-kayttoliittyma-1536x804.png 1536w, https:\/\/cdn10757.templcdn.com\/fi\/wp-content\/uploads\/sites\/4\/2025\/07\/EL-VIS-kaapelin-mitoitus-kayttoliittyma-scaled.png 1600w\" data-sizes=\"(max-width: 1024px) 100vw, 1024px\" src=\"data:image\/svg+xml;base64,PHN2ZyB3aWR0aD0iMSIgaGVpZ2h0PSIxIiB4bWxucz0iaHR0cDovL3d3dy53My5vcmcvMjAwMC9zdmciPjwvc3ZnPg==\" style=\"--smush-placeholder-width: 1024px; --smush-placeholder-aspect-ratio: 1024\/536;\" \/><figcaption class=\"wp-element-caption\">Kuva EL-VIS-ohjelmiston k\u00e4ytt\u00f6liittym\u00e4st\u00e4.<\/figcaption><\/figure>\n\n\n\n<div style=\"height:40px\" aria-hidden=\"true\" class=\"wp-block-spacer\"><\/div>\n\n\n\n<h2 class=\"wp-block-heading has-large-font-size\">Febdok vs EL-VIS \u2013 Keskeiset eroavaisuudet&nbsp;<strong>\u2696\ufe0f<\/strong><\/h2>\n\n\n\n<figure class=\"wp-block-table\"><table class=\"has-fixed-layout\"><tbody><tr><td><strong>Ominaisuus<\/strong>&nbsp;<\/td><td><strong>Febdok<\/strong>&nbsp;<\/td><td><strong>EL-VIS<\/strong>&nbsp;<\/td><\/tr><tr><td>\ud83d\udcf2 <strong>K\u00e4ytett\u00e4vyys<\/strong>&nbsp;<\/td><td>Vanhanaikainen, tietokoneelle asennettava ohjelmisto<\/td><td>Moderni ja helppok\u00e4ytt\u00f6inen, toimii selaimessa my\u00f6s mobiilisti<\/td><\/tr><tr><td><strong>\ud83d\udcca Laskentaty\u00f6kalut<\/strong>&nbsp;<\/td><td>Kattavat mutta kankeat&nbsp;<\/td><td>Automaattiset ja visuaaliset&nbsp;<\/td><\/tr><tr><td><strong>\ud83d\udc68\u200d\ud83d\udd27 K\u00e4ytt\u00e4j\u00e4<\/strong>&nbsp;<\/td><td>S\u00e4hk\u00f6suunnittelija&nbsp;<\/td><td>Urakoitsija\/asentaja&nbsp;<\/td><\/tr><tr><td><strong>\ud83d\udcb0<\/strong><strong> Hinta\/laatu<\/strong>&nbsp;<\/td><td>Kattava laajoihin kohteisiin&nbsp;<\/td><td>Edullinen koko henkil\u00f6kunnalle&nbsp;<\/td><\/tr><\/tbody><\/table><\/figure>\n\n\n\n<p>On t\u00e4rke\u00e4\u00e4 huomioida, ett\u00e4 Febdokilla laskennat perustuvat yksitt\u00e4isen kaapelivalmistajan tuotetietoihin \u2013 eli laskelmat tehd\u00e4\u00e4n nimetyll\u00e4 tuotteella.&nbsp;&nbsp;<\/p>\n\n\n\n<p>EL-VISill\u00e4 laskelmat taas tehd\u00e4\u00e4n standardinmukaisilla kaapelityypeill\u00e4, ja n\u00e4in laskelma on yleisp\u00e4tev\u00e4, vaikka haluaisit vaihtaa kaapelivalmistajaa. Standardinmukaisilla kaapelityypeill\u00e4 laskettuna laskelma on p\u00e4tev\u00e4 my\u00f6s silloin, kun jatkat vanhaa laskelmaa samalla tyypill\u00e4, vaikka tietty\u00e4 valmistajan kaapelia ei en\u00e4\u00e4 olisikaan saatavilla.&nbsp;&nbsp;<\/p>\n\n\n\n<p>Febdokin tapa laskea kaapelin ominaisuuksilla antaa ohjelmistolle laajempia mahdollisuuksia, kuten selektiivisyysanalyysi. T\u00e4t\u00e4 mahdollisuutta EL-VIS ei tarjoa, mutta kun kohde on suoraviivainen, nopeimman ja luotettavan lopputuloksen saa EL-VISill\u00e4.&nbsp;&nbsp;<\/p>\n\n\n\n<div style=\"height:81px\" aria-hidden=\"true\" class=\"wp-block-spacer\"><\/div>\n\n\n\n<h2 class=\"wp-block-heading has-large-font-size\">\u27a1\ufe0f Kumpi mitoitusty\u00f6kalu on parempi sinulle?&nbsp;<\/h2>\n\n\n\n<p>Molemmat ty\u00f6kalut ovat erinomaisia, mutta palvelevat hieman eri k\u00e4ytt\u00e4j\u00e4ryhmi\u00e4. Valinta riippuu siis siit\u00e4, millaista ty\u00f6t\u00e4 teet ja miss\u00e4 tilanteessa ty\u00f6kaluja k\u00e4yt\u00e4t:&nbsp;<\/p>\n\n\n\n<div style=\"height:15px\" aria-hidden=\"true\" class=\"wp-block-spacer\"><\/div>\n\n\n\n<p><strong>Valitse Febdok, jos:<\/strong>&nbsp;<\/p>\n\n\n\n<ol class=\"wp-block-list\">\n<li>Ty\u00f6skentelet tiiviisti s\u00e4hk\u00f6suunnittelun ja laajojen kohteiden piiriss\u00e4.&nbsp;<\/li>\n\n\n\n<li>Teet p\u00e4ivitt\u00e4in monimutkaisia laskelmia, joissa tarvitaan valokaari- tai selektiivisyyslaskentaa.&nbsp;<\/li>\n\n\n\n<li>Olet valmis panostamaan ohjelmiston opetteluun.&nbsp;<\/li>\n<\/ol>\n\n\n\n<div style=\"height:15px\" aria-hidden=\"true\" class=\"wp-block-spacer\"><\/div>\n\n\n\n<p><strong>Valitse EL-VIS, jos:&nbsp;<\/strong>&nbsp;<\/p>\n\n\n\n<ol class=\"wp-block-list\">\n<li>Arvostat nopeutta, visuaalisuutta ja mobiilik\u00e4ytt\u00f6isyytt\u00e4.&nbsp;<\/li>\n\n\n\n<li>Ulkopuolista suunnittelijaa ei ole k\u00e4ytett\u00e4viss\u00e4 ja haluat silti urakoitsijana\/asentajana varmistua asennusten turvallisuudesta tai perustella tilaajalle tehtyj\u00e4 valintoja.&nbsp;<\/li>\n\n\n\n<li>Etsit helppok\u00e4ytt\u00f6ist\u00e4 ratkaisua, jolla mitoitat my\u00f6s ty\u00f6maalta k\u00e4sin ilman asennuksia.&nbsp;<\/li>\n<\/ol>\n\n\n\n<div style=\"height:15px\" aria-hidden=\"true\" class=\"wp-block-spacer\"><\/div>\n\n\n\n<p>Joskus paras lopputulos syntyy yhdist\u00e4m\u00e4ll\u00e4 molemmat: EL-VIS nopeaan mitoitukseen, Febdok syv\u00e4llisemp\u00e4\u00e4n suunnitteluun.&nbsp;<\/p>\n\n\n\n<div style=\"height:30px\" aria-hidden=\"true\" class=\"wp-block-spacer\"><\/div>\n\n\n\n<h2 class=\"wp-block-heading has-medium-font-size\">Lue lis\u00e4\u00e4 ohjelmistoista<\/h2>\n\n\n\n<div class=\"wp-block-buttons is-layout-flex wp-block-buttons-is-layout-flex\">\n<div class=\"wp-block-button is-style-outline is-style-outline--1\"><a class=\"wp-block-button__link has-white-color has-vivid-cyan-blue-background-color has-text-color has-background has-link-color wp-element-button\" href=\"https:\/\/severi.sahkoinfo.fi\/Software\/Febdok\"><strong>Tutustu Febdokiin<\/strong><\/a><\/div>\n\n\n\n<div class=\"wp-block-button is-style-outline is-style-outline--2\"><a class=\"wp-block-button__link has-white-color has-vivid-cyan-blue-background-color has-text-color has-background has-link-color wp-element-button\" href=\"https:\/\/el-vis.com\/fi\/fi\/ratkaisut\/\"><strong>Tutustu EL-VISiin<\/strong><\/a><\/div>\n<\/div>\n\n\n\n<div style=\"height:80px\" aria-hidden=\"true\" class=\"wp-block-spacer\"><\/div>\n\n\n\n<hr class=\"wp-block-separator has-alpha-channel-opacity is-style-default\" \/>\n\n\n\n<div class=\"eo-contact\" id=\"contact\">\n    <div class=\"eo-contact-inner \">\n        <header class=\"eo-contact-header\">\n                            <h3 class=\"eo-contact-header-heading\">\n                    Kysytt\u00e4v\u00e4\u00e4?                <\/h3>\n            \n            <p class=\"eo-contact-header-text\">\n                Ota yhteytt\u00e4, jos jokin mietitytt\u00e4\u00e4. Vastaamme lomakkeen kautta l\u00e4hetettyihin kysymyksiin arkisin 24 tunnin kuluessa.            <\/p>\n        <\/header>\n\n        <div class=\"eo-form eo-contact-form\">\n                            <form\n                    action=\"\/fi\/fi\/wp-json\/el-vis\/v1\/mail\"\n                    class=\"eo-form-area\"\n                    data-type=\"info\"\n                >\n                    <div class=\"eo-form-area-item is-botcheck\">\n                        <input type=\"tel\" class=\"eo-form-area-input is-botcheck\" id=\"eo-form-botcheck\">\n                    <\/div>\n    \n                    <div class=\"eo-form-area-item\">\n                        <label for=\"eo-form-epost\" class=\"eo-form-area-label is-regular\">\n                            S\u00e4hk\u00f6posti*                        <\/label>\n                        <input type=\"email\" class=\"eo-form-area-input is-required\" id=\"eo-form-epost\">\n                        <p class=\"eo-form-area-error is-smaller\">\n                            T\u00e4yt\u00e4 s\u00e4hk\u00f6postiosoitteesi.                        <\/p>\n                    <\/div>\n    \n                    <div class=\"eo-form-area-item\">\n                        <label for=\"eo-form-tel\" class=\"eo-form-area-label is-regular\">\n                            Puhelinnumero*                        <\/label>\n                        <input type=\"tel\" class=\"eo-form-area-input is-required\" id=\"eo-form-tel\">\n                        <p class=\"eo-form-area-error is-smaller\">\n                            Anna puhelinnumerosi.                        <\/p>\n                    <\/div>\n    \n                    <div class=\"eo-form-area-item\">\n                        <label for=\"eo-form-message\" class=\"eo-form-area-label is-message is-regular\">\n                            Kirjoita viesti                        <\/label>\n                        <textarea name=\"\" id=\"eo-form-message\" class=\"eo-form-area-textarea\"><\/textarea>\n                    <\/div>\n    \n                    <div class=\"eo-form-area-item\">\n                        <button class=\"eo-form-area-submit eo-button is-primary is-partial\" title=\"L\u00e4het\u00e4\">\n                            L\u00e4het\u00e4                        <\/button>\n                        <img decoding=\"async\" src=\"https:\/\/cdn10757.templcdn.com\/fi\/wp-content\/themes\/elvis_com\/assets\/static\/images\/icons\/puff.svg\" alt=\"EL-VIS L\u00e4het\u00e4\" class=\"eo-form-area-submit-icon\">\n                    <\/div>\n    \n                                            <div class=\"eo-form-info\">\n                            <p class=\"p1\">Voit ottaa meihin yhteytt\u00e4\u00a0<a href=\"mailto:info@el-vis.fi\"><span class=\"s1\">l\u00e4hett\u00e4m\u00e4ll\u00e4 s\u00e4hk\u00f6postia<\/span><\/a><\/p>\n                        <\/div>\n                                    <\/form>\n            \n                    <\/div>\n    <\/div>\n<\/div>\n","protected":false},"excerpt":{"rendered":"<p>S\u00e4hk\u00f6alan arjessa kaapelimitoitus j\u00e4\u00e4 usein \u201chihavakioiden\u201d varaan, mik\u00e4 voi johtaa ongelmiin nykyisten vaatimusten edess\u00e4. On aika ottaa k\u00e4ytt\u00f6\u00f6n standardeihin perustuva s\u00e4hk\u00f6alan ammattilaisen mitoitusty\u00f6kalu, kuten EL-VIS tai Febdok \u2013 mutta kumpi n\u00e4ist\u00e4 on parempi valinta? Lue vertailu.<\/p>\n","protected":false},"author":10,"featured_media":2761,"comment_status":"closed","ping_status":"closed","sticky":false,"template":"","format":"standard","meta":{"_acf_changed":false,"inline_featured_image":false,"footnotes":""},"categories":[9],"tags":[21,23],"class_list":["post-2750","post","type-post","status-publish","format-standard","has-post-thumbnail","hentry","category-uutiset","tag-el-vis-2","tag-kaapelinmitoitus"],"acf":[],"yoast_head":"<!-- This site is optimized with the Yoast SEO plugin v25.2 - https:\/\/yoast.com\/wordpress\/plugins\/seo\/ -->\n<title>Kaapelimitoitus vertailussa: Febdok vs EL-VIS<\/title>\n<meta name=\"description\" content=\"Kumpi on parempi kaapelien mitoitusty\u00f6kalu s\u00e4hk\u00f6alan ammattilaiselle, Febdok vai EL-VIS? Lue vertailu ohjelmistojen ominaisuuksista.\" \/>\n<meta name=\"robots\" content=\"index, follow, max-snippet:-1, max-image-preview:large, max-video-preview:-1\" \/>\n<link rel=\"canonical\" href=\"https:\/\/el-vis.com\/fi\/fi\/uutiset\/kaapelimitoitus-vertailussa-febdok-vs-el-vis-kumpi-on-sahkoammattilaisen-paras-tyokalu\/\" \/>\n<meta property=\"og:locale\" content=\"fi_FI\" \/>\n<meta property=\"og:type\" content=\"article\" \/>\n<meta property=\"og:title\" content=\"Kaapelimitoitus vertailussa: Febdok vs EL-VIS\" \/>\n<meta property=\"og:description\" content=\"Kumpi on parempi kaapelien mitoitusty\u00f6kalu s\u00e4hk\u00f6alan ammattilaiselle, Febdok vai EL-VIS? Lue vertailu ohjelmistojen ominaisuuksista.\" \/>\n<meta property=\"og:url\" content=\"https:\/\/el-vis.com\/fi\/fi\/uutiset\/kaapelimitoitus-vertailussa-febdok-vs-el-vis-kumpi-on-sahkoammattilaisen-paras-tyokalu\/\" \/>\n<meta property=\"og:site_name\" content=\"EL-VIS Finland\" \/>\n<meta property=\"article:published_time\" content=\"2025-07-24T05:55:16+00:00\" \/>\n<meta property=\"article:modified_time\" content=\"2025-10-13T10:16:37+00:00\" \/>\n<meta property=\"og:image\" content=\"https:\/\/cdn10757.templcdn.com\/fi\/wp-content\/uploads\/sites\/4\/2025\/07\/EL-VIS-vs-Febdok-shko-mitoitus-tyokalu.png\" \/>\n\t<meta property=\"og:image:width\" content=\"1200\" \/>\n\t<meta property=\"og:image:height\" content=\"627\" \/>\n\t<meta property=\"og:image:type\" content=\"image\/png\" \/>\n<meta name=\"author\" content=\"anna\" \/>\n<meta name=\"twitter:card\" content=\"summary_large_image\" \/>\n<meta name=\"twitter:label1\" content=\"Kirjoittanut\" \/>\n\t<meta name=\"twitter:data1\" content=\"anna\" \/>\n\t<meta name=\"twitter:label2\" content=\"Arvioitu lukuaika\" \/>\n\t<meta name=\"twitter:data2\" content=\"3 minuuttia\" \/>\n<script type=\"application\/ld+json\" class=\"yoast-schema-graph\">{\"@context\":\"https:\/\/schema.org\",\"@graph\":[{\"@type\":\"WebPage\",\"@id\":\"https:\/\/el-vis.com\/fi\/fi\/uutiset\/kaapelimitoitus-vertailussa-febdok-vs-el-vis-kumpi-on-sahkoammattilaisen-paras-tyokalu\/\",\"url\":\"https:\/\/el-vis.com\/fi\/fi\/uutiset\/kaapelimitoitus-vertailussa-febdok-vs-el-vis-kumpi-on-sahkoammattilaisen-paras-tyokalu\/\",\"name\":\"Kaapelimitoitus vertailussa: Febdok vs EL-VIS\",\"isPartOf\":{\"@id\":\"https:\/\/el-vis.com\/fi\/fi\/#website\"},\"primaryImageOfPage\":{\"@id\":\"https:\/\/el-vis.com\/fi\/fi\/uutiset\/kaapelimitoitus-vertailussa-febdok-vs-el-vis-kumpi-on-sahkoammattilaisen-paras-tyokalu\/#primaryimage\"},\"image\":{\"@id\":\"https:\/\/el-vis.com\/fi\/fi\/uutiset\/kaapelimitoitus-vertailussa-febdok-vs-el-vis-kumpi-on-sahkoammattilaisen-paras-tyokalu\/#primaryimage\"},\"thumbnailUrl\":\"https:\/\/cdn10757.templcdn.com\/fi\/wp-content\/uploads\/sites\/4\/2025\/07\/EL-VIS-vs-Febdok-shko-mitoitus-tyokalu.png\",\"datePublished\":\"2025-07-24T05:55:16+00:00\",\"dateModified\":\"2025-10-13T10:16:37+00:00\",\"author\":{\"@id\":\"https:\/\/el-vis.com\/fi\/fi\/#\/schema\/person\/080c21b4a48c6165c2c2248edbc11d53\"},\"description\":\"Kumpi on parempi kaapelien mitoitusty\u00f6kalu s\u00e4hk\u00f6alan ammattilaiselle, Febdok vai EL-VIS? Lue vertailu ohjelmistojen ominaisuuksista.\",\"breadcrumb\":{\"@id\":\"https:\/\/el-vis.com\/fi\/fi\/uutiset\/kaapelimitoitus-vertailussa-febdok-vs-el-vis-kumpi-on-sahkoammattilaisen-paras-tyokalu\/#breadcrumb\"},\"inLanguage\":\"fi\",\"potentialAction\":[{\"@type\":\"ReadAction\",\"target\":[\"https:\/\/el-vis.com\/fi\/fi\/uutiset\/kaapelimitoitus-vertailussa-febdok-vs-el-vis-kumpi-on-sahkoammattilaisen-paras-tyokalu\/\"]}]},{\"@type\":\"ImageObject\",\"inLanguage\":\"fi\",\"@id\":\"https:\/\/el-vis.com\/fi\/fi\/uutiset\/kaapelimitoitus-vertailussa-febdok-vs-el-vis-kumpi-on-sahkoammattilaisen-paras-tyokalu\/#primaryimage\",\"url\":\"https:\/\/cdn10757.templcdn.com\/fi\/wp-content\/uploads\/sites\/4\/2025\/07\/EL-VIS-vs-Febdok-shko-mitoitus-tyokalu.png\",\"contentUrl\":\"https:\/\/cdn10757.templcdn.com\/fi\/wp-content\/uploads\/sites\/4\/2025\/07\/EL-VIS-vs-Febdok-shko-mitoitus-tyokalu.png\",\"width\":1200,\"height\":627,\"caption\":\"EL-VIS vai Febdok kaapelimitoitukseen?\"},{\"@type\":\"BreadcrumbList\",\"@id\":\"https:\/\/el-vis.com\/fi\/fi\/uutiset\/kaapelimitoitus-vertailussa-febdok-vs-el-vis-kumpi-on-sahkoammattilaisen-paras-tyokalu\/#breadcrumb\",\"itemListElement\":[{\"@type\":\"ListItem\",\"position\":1,\"name\":\"Home\",\"item\":\"https:\/\/el-vis.com\/fi\/fi\/\"},{\"@type\":\"ListItem\",\"position\":2,\"name\":\"Kaapelimitoitus vertailussa:\u00a0 Febdok vs EL-VIS \u2013 Kumpi on s\u00e4hk\u00f6ammattilaisen paras ty\u00f6kalu?\u00a0\u00a0\"}]},{\"@type\":\"WebSite\",\"@id\":\"https:\/\/el-vis.com\/fi\/fi\/#website\",\"url\":\"https:\/\/el-vis.com\/fi\/fi\/\",\"name\":\"EL-VIS Finland\",\"description\":\"Digitaalisia ty\u00f6kaluja s\u00e4hk\u00f6alan yrityksille\",\"potentialAction\":[{\"@type\":\"SearchAction\",\"target\":{\"@type\":\"EntryPoint\",\"urlTemplate\":\"https:\/\/el-vis.com\/fi\/fi\/?s={search_term_string}\"},\"query-input\":{\"@type\":\"PropertyValueSpecification\",\"valueRequired\":true,\"valueName\":\"search_term_string\"}}],\"inLanguage\":\"fi\"},{\"@type\":\"Person\",\"@id\":\"https:\/\/el-vis.com\/fi\/fi\/#\/schema\/person\/080c21b4a48c6165c2c2248edbc11d53\",\"name\":\"anna\",\"image\":{\"@type\":\"ImageObject\",\"inLanguage\":\"fi\",\"@id\":\"https:\/\/el-vis.com\/fi\/fi\/#\/schema\/person\/image\/\",\"url\":\"https:\/\/secure.gravatar.com\/avatar\/a912fa31dbe246ef5350a1d89b7f73d7adf5599fcc592fd588f630c12053c6f5?s=96&d=mm&r=g\",\"contentUrl\":\"https:\/\/secure.gravatar.com\/avatar\/a912fa31dbe246ef5350a1d89b7f73d7adf5599fcc592fd588f630c12053c6f5?s=96&d=mm&r=g\",\"caption\":\"anna\"}}]}<\/script>\n<!-- \/ Yoast SEO plugin. -->","yoast_head_json":{"title":"Kaapelimitoitus vertailussa: Febdok vs EL-VIS","description":"Kumpi on parempi kaapelien mitoitusty\u00f6kalu s\u00e4hk\u00f6alan ammattilaiselle, Febdok vai EL-VIS? Lue vertailu ohjelmistojen ominaisuuksista.","robots":{"index":"index","follow":"follow","max-snippet":"max-snippet:-1","max-image-preview":"max-image-preview:large","max-video-preview":"max-video-preview:-1"},"canonical":"https:\/\/el-vis.com\/fi\/fi\/uutiset\/kaapelimitoitus-vertailussa-febdok-vs-el-vis-kumpi-on-sahkoammattilaisen-paras-tyokalu\/","og_locale":"fi_FI","og_type":"article","og_title":"Kaapelimitoitus vertailussa: Febdok vs EL-VIS","og_description":"Kumpi on parempi kaapelien mitoitusty\u00f6kalu s\u00e4hk\u00f6alan ammattilaiselle, Febdok vai EL-VIS? Lue vertailu ohjelmistojen ominaisuuksista.","og_url":"https:\/\/el-vis.com\/fi\/fi\/uutiset\/kaapelimitoitus-vertailussa-febdok-vs-el-vis-kumpi-on-sahkoammattilaisen-paras-tyokalu\/","og_site_name":"EL-VIS Finland","article_published_time":"2025-07-24T05:55:16+00:00","article_modified_time":"2025-10-13T10:16:37+00:00","og_image":[{"width":1200,"height":627,"url":"https:\/\/cdn10757.templcdn.com\/fi\/wp-content\/uploads\/sites\/4\/2025\/07\/EL-VIS-vs-Febdok-shko-mitoitus-tyokalu.png","type":"image\/png"}],"author":"anna","twitter_card":"summary_large_image","twitter_misc":{"Kirjoittanut":"anna","Arvioitu lukuaika":"3 minuuttia"},"schema":{"@context":"https:\/\/schema.org","@graph":[{"@type":"WebPage","@id":"https:\/\/el-vis.com\/fi\/fi\/uutiset\/kaapelimitoitus-vertailussa-febdok-vs-el-vis-kumpi-on-sahkoammattilaisen-paras-tyokalu\/","url":"https:\/\/el-vis.com\/fi\/fi\/uutiset\/kaapelimitoitus-vertailussa-febdok-vs-el-vis-kumpi-on-sahkoammattilaisen-paras-tyokalu\/","name":"Kaapelimitoitus vertailussa: Febdok vs EL-VIS","isPartOf":{"@id":"https:\/\/el-vis.com\/fi\/fi\/#website"},"primaryImageOfPage":{"@id":"https:\/\/el-vis.com\/fi\/fi\/uutiset\/kaapelimitoitus-vertailussa-febdok-vs-el-vis-kumpi-on-sahkoammattilaisen-paras-tyokalu\/#primaryimage"},"image":{"@id":"https:\/\/el-vis.com\/fi\/fi\/uutiset\/kaapelimitoitus-vertailussa-febdok-vs-el-vis-kumpi-on-sahkoammattilaisen-paras-tyokalu\/#primaryimage"},"thumbnailUrl":"https:\/\/cdn10757.templcdn.com\/fi\/wp-content\/uploads\/sites\/4\/2025\/07\/EL-VIS-vs-Febdok-shko-mitoitus-tyokalu.png","datePublished":"2025-07-24T05:55:16+00:00","dateModified":"2025-10-13T10:16:37+00:00","author":{"@id":"https:\/\/el-vis.com\/fi\/fi\/#\/schema\/person\/080c21b4a48c6165c2c2248edbc11d53"},"description":"Kumpi on parempi kaapelien mitoitusty\u00f6kalu s\u00e4hk\u00f6alan ammattilaiselle, Febdok vai EL-VIS? Lue vertailu ohjelmistojen ominaisuuksista.","breadcrumb":{"@id":"https:\/\/el-vis.com\/fi\/fi\/uutiset\/kaapelimitoitus-vertailussa-febdok-vs-el-vis-kumpi-on-sahkoammattilaisen-paras-tyokalu\/#breadcrumb"},"inLanguage":"fi","potentialAction":[{"@type":"ReadAction","target":["https:\/\/el-vis.com\/fi\/fi\/uutiset\/kaapelimitoitus-vertailussa-febdok-vs-el-vis-kumpi-on-sahkoammattilaisen-paras-tyokalu\/"]}]},{"@type":"ImageObject","inLanguage":"fi","@id":"https:\/\/el-vis.com\/fi\/fi\/uutiset\/kaapelimitoitus-vertailussa-febdok-vs-el-vis-kumpi-on-sahkoammattilaisen-paras-tyokalu\/#primaryimage","url":"https:\/\/cdn10757.templcdn.com\/fi\/wp-content\/uploads\/sites\/4\/2025\/07\/EL-VIS-vs-Febdok-shko-mitoitus-tyokalu.png","contentUrl":"https:\/\/cdn10757.templcdn.com\/fi\/wp-content\/uploads\/sites\/4\/2025\/07\/EL-VIS-vs-Febdok-shko-mitoitus-tyokalu.png","width":1200,"height":627,"caption":"EL-VIS vai Febdok kaapelimitoitukseen?"},{"@type":"BreadcrumbList","@id":"https:\/\/el-vis.com\/fi\/fi\/uutiset\/kaapelimitoitus-vertailussa-febdok-vs-el-vis-kumpi-on-sahkoammattilaisen-paras-tyokalu\/#breadcrumb","itemListElement":[{"@type":"ListItem","position":1,"name":"Home","item":"https:\/\/el-vis.com\/fi\/fi\/"},{"@type":"ListItem","position":2,"name":"Kaapelimitoitus vertailussa:\u00a0 Febdok vs EL-VIS \u2013 Kumpi on s\u00e4hk\u00f6ammattilaisen paras ty\u00f6kalu?\u00a0\u00a0"}]},{"@type":"WebSite","@id":"https:\/\/el-vis.com\/fi\/fi\/#website","url":"https:\/\/el-vis.com\/fi\/fi\/","name":"EL-VIS Finland","description":"Digitaalisia ty\u00f6kaluja s\u00e4hk\u00f6alan yrityksille","potentialAction":[{"@type":"SearchAction","target":{"@type":"EntryPoint","urlTemplate":"https:\/\/el-vis.com\/fi\/fi\/?s={search_term_string}"},"query-input":{"@type":"PropertyValueSpecification","valueRequired":true,"valueName":"search_term_string"}}],"inLanguage":"fi"},{"@type":"Person","@id":"https:\/\/el-vis.com\/fi\/fi\/#\/schema\/person\/080c21b4a48c6165c2c2248edbc11d53","name":"anna","image":{"@type":"ImageObject","inLanguage":"fi","@id":"https:\/\/el-vis.com\/fi\/fi\/#\/schema\/person\/image\/","url":"https:\/\/secure.gravatar.com\/avatar\/a912fa31dbe246ef5350a1d89b7f73d7adf5599fcc592fd588f630c12053c6f5?s=96&d=mm&r=g","contentUrl":"https:\/\/secure.gravatar.com\/avatar\/a912fa31dbe246ef5350a1d89b7f73d7adf5599fcc592fd588f630c12053c6f5?s=96&d=mm&r=g","caption":"anna"}}]}},"_links":{"self":[{"href":"https:\/\/el-vis.com\/fi\/fi\/wp-json\/wp\/v2\/posts\/2750","targetHints":{"allow":["GET"]}}],"collection":[{"href":"https:\/\/el-vis.com\/fi\/fi\/wp-json\/wp\/v2\/posts"}],"about":[{"href":"https:\/\/el-vis.com\/fi\/fi\/wp-json\/wp\/v2\/types\/post"}],"author":[{"embeddable":true,"href":"https:\/\/el-vis.com\/fi\/fi\/wp-json\/wp\/v2\/users\/10"}],"replies":[{"embeddable":true,"href":"https:\/\/el-vis.com\/fi\/fi\/wp-json\/wp\/v2\/comments?post=2750"}],"version-history":[{"count":20,"href":"https:\/\/el-vis.com\/fi\/fi\/wp-json\/wp\/v2\/posts\/2750\/revisions"}],"predecessor-version":[{"id":2858,"href":"https:\/\/el-vis.com\/fi\/fi\/wp-json\/wp\/v2\/posts\/2750\/revisions\/2858"}],"wp:featuredmedia":[{"embeddable":true,"href":"https:\/\/el-vis.com\/fi\/fi\/wp-json\/wp\/v2\/media\/2761"}],"wp:attachment":[{"href":"https:\/\/el-vis.com\/fi\/fi\/wp-json\/wp\/v2\/media?parent=2750"}],"wp:term":[{"taxonomy":"category","embeddable":true,"href":"https:\/\/el-vis.com\/fi\/fi\/wp-json\/wp\/v2\/categories?post=2750"},{"taxonomy":"post_tag","embeddable":true,"href":"https:\/\/el-vis.com\/fi\/fi\/wp-json\/wp\/v2\/tags?post=2750"}],"curies":[{"name":"wp","href":"https:\/\/api.w.org\/{rel}","templated":true}]}}