{"id":1546,"date":"2021-03-29T05:00:00","date_gmt":"2021-03-29T04:59:59","guid":{"rendered":"https:\/\/el-vis.com\/se\/nyheter\/update-21w12h\/"},"modified":"2024-07-05T10:05:44","modified_gmt":"2024-07-05T08:05:44","slug":"update-21w12h","status":"publish","type":"post","link":"https:\/\/el-vis.com\/se\/sv\/nyheter\/update-21w12h\/","title":{"rendered":"Flera nyheter i EL-VIS Mall (Online)"},"content":{"rendered":"\n<h3 class=\"wp-block-heading\">Mall | Gruppf\u00f6rteckningar<\/h3>\n\n\n\n<ul class=\"wp-block-list\">\n<li>FIX &#8211; Gruppernas placering \u00e4r nu \u00e5tg\u00e4rdat och fungerar igen p\u00e5 mindre sk\u00e4rmar (mobil, etc.). &#8221;Boxarna&#8221; blev ihopdragna s\u00e5 tecken syntes inte och det gick inte att skriva i dem.<\/li>\n\n\n\n<li>NYHET &#8211; Grupp och tabell har slagits samman till en och samma enhet med alternativ ist\u00e4llet f\u00f6r att st\u00e4nga av kolumnrubriker.<\/li>\n\n\n\n<li>NYHET &#8211; M\u00f6jlighet att flytta tabell upp eller ner<\/li>\n\n\n\n<li>NYHET &#8211; Nu g\u00e5r det att infoga tabell \u00f6ver eller under en annan tabell<\/li>\n\n\n\n<li>NYHET &#8211; Nu g\u00e5r det att infoga rad \u00f6ver eller under en annan rad<\/li>\n\n\n\n<li>NYHET &#8211; Nu kan du s\u00e4tta rubrik p\u00e5 den \u00f6versta tabellen\/rubriken ocks\u00e5.<\/li>\n\n\n\n<li>NYHET &#8211; Tabellen i mobill\u00e4ge \u00e4r helt omgjord till att vara som den \u00e4r p\u00e5 stor sk\u00e4rm, liggandes med scrollfunktion i sidled. Detta ger en mycket b\u00e4ttre \u00f6verblick och ge mer \u00f6verblick d\u00e5 fler rader f\u00e5r plats p\u00e5 sk\u00e4rmen.<\/li>\n<\/ul>\n\n\n\n<h3 class=\"wp-block-heading\">Mall | \u00d6vrigt<\/h3>\n\n\n\n<ul class=\"wp-block-list\">\n<li>FIX &#8211; \u00c5tg\u00e4rdat s\u00e5 inte en tom sida dyka upp i PDF f\u00f6r egenkontroll\/checklista om protokoll anv\u00e4ndes.<\/li>\n\n\n\n<li>Ikonen f\u00f6r att visa dokumentet som PDF \u00e4r bytt fr\u00e5n ett diffust \u00f6ga till en skrivare vilket vi hoppas ska vara mer anv\u00e4ndarv\u00e4nligt.<\/li>\n\n\n\n<li>NYHET &#8211; F\u00f6retagsinformation och logotyp \u00e4r nu unika f\u00f6r varje dokument som skapas och kan \u00e4ndras.&nbsp;<\/li>\n<\/ul>\n\n\n\n<h3 class=\"wp-block-heading\">\u00d6vrigt<\/h3>\n\n\n\n<ul class=\"wp-block-list\">\n<li>Diverse f\u00f6rb\u00e4ttringar i plattformen<\/li>\n\n\n\n<li>FIX &#8211; Flyttat ordningen p\u00e5 vissa licenser under &#8221;Mitt f\u00f6retag&#8221;<\/li>\n\n\n\n<li>FIX &#8211; \u00c5tg\u00e4rdat s\u00e5 att scrollfunktionen i h\u00f6jdled fungerar vid skapa nytt konto i mobil eller mindre sk\u00e4rm<\/li>\n<\/ul>\n","protected":false},"excerpt":{"rendered":"<p>Just nu h\u00e5ller vi p\u00e5 att f\u00f6rb\u00e4ttra gruppf\u00f6rteckningarna och andra delar i EL-VIS Mall. Detta \u00e4r f\u00f6rsta uppdateringen som har med sig flera nyheter och f\u00f6rb\u00e4ttringar.<\/p>\n","protected":false},"author":1,"featured_media":0,"comment_status":"closed","ping_status":"closed","sticky":false,"template":"","format":"standard","meta":{"_acf_changed":false,"inline_featured_image":false,"footnotes":""},"categories":[9,27],"tags":[62],"class_list":["post-1546","post","type-post","status-publish","format-standard","hentry","category-nyheter","category-app","tag-produktuppdateringar"],"acf":[],"_links":{"self":[{"href":"https:\/\/el-vis.com\/se\/sv\/wp-json\/wp\/v2\/posts\/1546","targetHints":{"allow":["GET"]}}],"collection":[{"href":"https:\/\/el-vis.com\/se\/sv\/wp-json\/wp\/v2\/posts"}],"about":[{"href":"https:\/\/el-vis.com\/se\/sv\/wp-json\/wp\/v2\/types\/post"}],"author":[{"embeddable":true,"href":"https:\/\/el-vis.com\/se\/sv\/wp-json\/wp\/v2\/users\/1"}],"replies":[{"embeddable":true,"href":"https:\/\/el-vis.com\/se\/sv\/wp-json\/wp\/v2\/comments?post=1546"}],"version-history":[{"count":2,"href":"https:\/\/el-vis.com\/se\/sv\/wp-json\/wp\/v2\/posts\/1546\/revisions"}],"predecessor-version":[{"id":5795,"href":"https:\/\/el-vis.com\/se\/sv\/wp-json\/wp\/v2\/posts\/1546\/revisions\/5795"}],"wp:attachment":[{"href":"https:\/\/el-vis.com\/se\/sv\/wp-json\/wp\/v2\/media?parent=1546"}],"wp:term":[{"taxonomy":"category","embeddable":true,"href":"https:\/\/el-vis.com\/se\/sv\/wp-json\/wp\/v2\/categories?post=1546"},{"taxonomy":"post_tag","embeddable":true,"href":"https:\/\/el-vis.com\/se\/sv\/wp-json\/wp\/v2\/tags?post=1546"}],"curies":[{"name":"wp","href":"https:\/\/api.w.org\/{rel}","templated":true}]}}