{"id":1549,"date":"2021-02-18T14:46:12","date_gmt":"2021-02-18T14:46:11","guid":{"rendered":"https:\/\/el-vis.com\/se\/nyheter\/nya-el-vis-kabel-ar-har\/"},"modified":"2024-07-05T10:05:07","modified_gmt":"2024-07-05T08:05:07","slug":"nya-el-vis-kabel-ar-har","status":"publish","type":"post","link":"https:\/\/el-vis.com\/se\/sv\/nyheter\/nya-el-vis-kabel-ar-har\/","title":{"rendered":"Nya EL-VIS Kabel \u00e4r h\u00e4r"},"content":{"rendered":"\n<p>Efter flera \u00e5rs h\u00e5rt arbete med allt ifr\u00e5n forskning till utveckling, kan vi stolt presentera framtidens EL-VIS Kabel. Detta \u00e4r bara b\u00f6rjan p\u00e5 en h\u00e4ftig resa som ska g\u00f6ra Sveriges mest anv\u00e4nda program f\u00f6r kabeldimensionering \u00e4nnu b\u00e4ttre.&nbsp;<br>&nbsp;<\/p>\n\n\n\n<h3 class=\"wp-block-heading\">Nyheter<\/h3>\n\n\n\n<p>Vi lanserar ett helt nytt utseende och ett f\u00f6renklat fl\u00f6de f\u00f6r dig som anv\u00e4ndare. Allt f\u00f6r att g\u00f6ra det enklare att dimensionera s\u00e4kert i vardagen. <br>&nbsp;<br>Vi f\u00f6r\u00e4ndrar v\u00e5r ber\u00e4kningsmetod och f\u00f6ljer numera europeisk samt internationell standard, men du kan k\u00e4nna dig trygg. EL-VIS dimensionerar enligt Elinstallationsreglerna som \u00e4r svensk standard.<br>&nbsp;<br>Plus mycket mer, som t.ex. ber\u00e4kning med \u00f6vertoner och tidsf\u00f6rdr\u00f6jning, fler kabeltyper, ny utskrift, b\u00e4ttre visning av separat skydd, etc&#8230;<br>&nbsp;<br><strong>Kika in nya EL-VIS Kabel p\u00e5 YouTube<\/strong><\/p>\n\n\n\n<p><a href=\"https:\/\/youtu.be\/0qMxJbM8xmg\" rel=\"nofollow noopener\" target=\"_blank\">Kort introduktion (1:30 min)<\/a><\/p>\n\n\n\n<p><a href=\"https:\/\/youtu.be\/6Qihh7522wY\" rel=\"nofollow noopener\" target=\"_blank\">L\u00e4ngre introduktion (10 min)<\/a><\/p>\n\n\n\n<figure class=\"wp-block-image size-large\"><img decoding=\"async\" width=\"1024\" height=\"576\" data-src=\"https:\/\/cdn10757.templcdn.com\/se\/wp-content\/uploads\/sites\/3\/2021\/02\/original_appdev.el-vis.com_-17-1024x576.png\" alt=\"\" class=\"wp-image-1967 lazyload\" data-srcset=\"https:\/\/cdn10757.templcdn.com\/se\/wp-content\/uploads\/sites\/3\/2021\/02\/original_appdev.el-vis.com_-17-1024x576.png 1024w, https:\/\/cdn10757.templcdn.com\/se\/wp-content\/uploads\/sites\/3\/2021\/02\/original_appdev.el-vis.com_-17-300x169.png 300w, https:\/\/cdn10757.templcdn.com\/se\/wp-content\/uploads\/sites\/3\/2021\/02\/original_appdev.el-vis.com_-17-768x432.png 768w, https:\/\/cdn10757.templcdn.com\/se\/wp-content\/uploads\/sites\/3\/2021\/02\/original_appdev.el-vis.com_-17.png 1400w\" data-sizes=\"(max-width: 1024px) 100vw, 1024px\" src=\"data:image\/svg+xml;base64,PHN2ZyB3aWR0aD0iMSIgaGVpZ2h0PSIxIiB4bWxucz0iaHR0cDovL3d3dy53My5vcmcvMjAwMC9zdmciPjwvc3ZnPg==\" style=\"--smush-placeholder-width: 1024px; --smush-placeholder-aspect-ratio: 1024\/576;\" \/><\/figure>\n\n\n\n<h3 class=\"wp-block-heading\">S\u00e5 h\u00e4r kommer du ig\u00e5ng med EL-VIS Kabel<\/h3>\n\n\n\n<p><strong>\u00c4r du redan anv\u00e4ndare<\/strong> av EL-VIS Kabel Online \u00e4r det bara att starta det precis som vanligt. Vi har bytt ut den gamla versionen mot den nya.<\/p>\n\n\n\n<p>\u00c4r du kund till oss men du har inte tillg\u00e5ng till EL-VIS Kabel Online kan du alltid logga in i <a href=\"https:\/\/app.el-vis.com\">EL-VIS Online<\/a> och starta en kostnadsfri testperiod p\u00e5 14 dagar.<\/p>\n\n\n\n<p><strong>Har du inget EL-VIS konto <\/strong>skapar du det snabbt och enkelt genom att g\u00e5 till <a href=\"https:\/\/app.el-vis.com\">https:\/\/app.el-vis.com<\/a>. Det \u00e4r kostnadsfritt och du kan testa alla EL-VIS Online delar i 14 dagar utan krav p\u00e5 f\u00f6rnyelse.<br>&nbsp;<\/p>\n\n\n\n<h3 class=\"wp-block-heading\">Har du sett v\u00e5ra nya l\u00f6sningar?<\/h3>\n\n\n\n<p>L\u00f6sningen EL-VIS inneh\u00e5ller mycket, bland annat ett smart verktyg f\u00f6r Egenkontrollprogram och dokumentation ute p\u00e5 f\u00e4ltet, men \u00e4ven nya EL-VIS Kabel. <br>\u00a0<br><a href=\"https:\/\/el-vis.com\/se\/sv\/losningar\/\">L\u00e4s mer om v\u00e5ra l\u00f6sningar h\u00e4r<\/a><\/p>\n\n\n\n<h3 class=\"wp-block-heading\">EL-VIS Kabel f\u00f6r Windows finns fortfarande kvar<\/h3>\n\n\n\n<p>Du som redan \u00e4r kund och har tillg\u00e5ng till Windowsversionen av EL-VIS Kabel, kan k\u00e4nna dig trygg. Lanseringen av nya och framtidens EL-VIS Kabel p\u00e5verkar inte v\u00e5r Windowsversion (EL-VIS 20).<\/p>\n\n\n\n<figure class=\"wp-block-image\"><img decoding=\"async\" data-src=\"https:\/\/writeous.io\/api\/v1\/analytics.gif?d=139cfcf1-926e-4e74-9b95-f36d95c9b41a&amp;c=3e766ea2-3eb2-4159-aa7a-7856c8400fd8\" alt=\"\" src=\"data:image\/svg+xml;base64,PHN2ZyB3aWR0aD0iMSIgaGVpZ2h0PSIxIiB4bWxucz0iaHR0cDovL3d3dy53My5vcmcvMjAwMC9zdmciPjwvc3ZnPg==\" class=\"lazyload\" \/><\/figure>\n","protected":false},"excerpt":{"rendered":"<p>Sveriges mest anv\u00e4nda program f\u00f6r kabeldimensionering har blivit enklare, kraftfullare, tydligare och snyggare. Nu med ber\u00e4kning enligt Elinstallationsreglerna.<\/p>\n","protected":false},"author":1,"featured_media":0,"comment_status":"closed","ping_status":"closed","sticky":false,"template":"","format":"standard","meta":{"_acf_changed":false,"inline_featured_image":false,"footnotes":""},"categories":[9,27],"tags":[61,62],"class_list":["post-1549","post","type-post","status-publish","format-standard","hentry","category-nyheter","category-app","tag-nyheter-2","tag-produktuppdateringar"],"acf":[],"_links":{"self":[{"href":"https:\/\/el-vis.com\/se\/sv\/wp-json\/wp\/v2\/posts\/1549","targetHints":{"allow":["GET"]}}],"collection":[{"href":"https:\/\/el-vis.com\/se\/sv\/wp-json\/wp\/v2\/posts"}],"about":[{"href":"https:\/\/el-vis.com\/se\/sv\/wp-json\/wp\/v2\/types\/post"}],"author":[{"embeddable":true,"href":"https:\/\/el-vis.com\/se\/sv\/wp-json\/wp\/v2\/users\/1"}],"replies":[{"embeddable":true,"href":"https:\/\/el-vis.com\/se\/sv\/wp-json\/wp\/v2\/comments?post=1549"}],"version-history":[{"count":3,"href":"https:\/\/el-vis.com\/se\/sv\/wp-json\/wp\/v2\/posts\/1549\/revisions"}],"predecessor-version":[{"id":6006,"href":"https:\/\/el-vis.com\/se\/sv\/wp-json\/wp\/v2\/posts\/1549\/revisions\/6006"}],"wp:attachment":[{"href":"https:\/\/el-vis.com\/se\/sv\/wp-json\/wp\/v2\/media?parent=1549"}],"wp:term":[{"taxonomy":"category","embeddable":true,"href":"https:\/\/el-vis.com\/se\/sv\/wp-json\/wp\/v2\/categories?post=1549"},{"taxonomy":"post_tag","embeddable":true,"href":"https:\/\/el-vis.com\/se\/sv\/wp-json\/wp\/v2\/tags?post=1549"}],"curies":[{"name":"wp","href":"https:\/\/api.w.org\/{rel}","templated":true}]}}