{"id":1624,"date":"2018-06-26T11:27:20","date_gmt":"2018-06-26T11:27:20","guid":{"rendered":"https:\/\/el-vis.com\/se\/nyheter\/uppdatering-av-el-vis-online-1\/"},"modified":"2024-07-05T11:08:32","modified_gmt":"2024-07-05T09:08:32","slug":"uppdatering-av-el-vis-online-1","status":"publish","type":"post","link":"https:\/\/el-vis.com\/se\/sv\/nyheter\/uppdatering-av-el-vis-online-1\/","title":{"rendered":"Uppdatering juni av EL-VIS Online"},"content":{"rendered":"\n<p>Vi har sl\u00e4ppt en uppdatering av EL-VIS Online med lite f\u00f6rb\u00e4ttringar.<\/p>\n\n\n\n<ul class=\"wp-block-list\">\n<li>Fixat en bugg i Kabel r\u00f6rande &#8221;Ber\u00e4kna area utifr\u00e5n sp\u00e4nningsfall&#8221;, en bugg i Egenkontrollprogram som gjorde att man inte kunde editera sektion 3.2, och en bugg i Mall som orsakade att man inte l\u00e4ngre kunde editera en gruppf\u00f6rteckning<\/li>\n\n\n\n<li>Ny design p\u00e5 alla knappar och en f\u00f6rb\u00e4ttring och uppfr\u00e4schning av utseendet till viss del i EL-VIS Mall och EL-VIS Egenkontrollprogram. <\/li>\n\n\n\n<li>Nu f\u00e5r du plats med m\u00e5nga fler rader \u00e4n innan i din gruppf\u00f6rteckning, b\u00e5de A4 och A5.<\/li>\n\n\n\n<li>Fixat ett problem som kunde uppst\u00e5 om man gick in i ett dokument som en annan anv\u00e4ndare redan \u00e4r inne p\u00e5.<\/li>\n<\/ul>\n","protected":false},"excerpt":{"rendered":"<p>Lite buggfix men \u00e4ven ny design p\u00e5 alla knappar<\/p>\n","protected":false},"author":1,"featured_media":0,"comment_status":"closed","ping_status":"closed","sticky":false,"template":"","format":"standard","meta":{"_acf_changed":false,"inline_featured_image":false,"footnotes":""},"categories":[27,9],"tags":[62],"class_list":["post-1624","post","type-post","status-publish","format-standard","hentry","category-app","category-nyheter","tag-produktuppdateringar"],"acf":[],"_links":{"self":[{"href":"https:\/\/el-vis.com\/se\/sv\/wp-json\/wp\/v2\/posts\/1624","targetHints":{"allow":["GET"]}}],"collection":[{"href":"https:\/\/el-vis.com\/se\/sv\/wp-json\/wp\/v2\/posts"}],"about":[{"href":"https:\/\/el-vis.com\/se\/sv\/wp-json\/wp\/v2\/types\/post"}],"author":[{"embeddable":true,"href":"https:\/\/el-vis.com\/se\/sv\/wp-json\/wp\/v2\/users\/1"}],"replies":[{"embeddable":true,"href":"https:\/\/el-vis.com\/se\/sv\/wp-json\/wp\/v2\/comments?post=1624"}],"version-history":[{"count":4,"href":"https:\/\/el-vis.com\/se\/sv\/wp-json\/wp\/v2\/posts\/1624\/revisions"}],"predecessor-version":[{"id":6112,"href":"https:\/\/el-vis.com\/se\/sv\/wp-json\/wp\/v2\/posts\/1624\/revisions\/6112"}],"wp:attachment":[{"href":"https:\/\/el-vis.com\/se\/sv\/wp-json\/wp\/v2\/media?parent=1624"}],"wp:term":[{"taxonomy":"category","embeddable":true,"href":"https:\/\/el-vis.com\/se\/sv\/wp-json\/wp\/v2\/categories?post=1624"},{"taxonomy":"post_tag","embeddable":true,"href":"https:\/\/el-vis.com\/se\/sv\/wp-json\/wp\/v2\/tags?post=1624"}],"curies":[{"name":"wp","href":"https:\/\/api.w.org\/{rel}","templated":true}]}}