{"id":2458,"date":"2022-02-23T15:07:49","date_gmt":"2022-02-23T14:07:49","guid":{"rendered":"https:\/\/el-vis.com\/se\/?p=2458"},"modified":"2026-01-15T13:48:48","modified_gmt":"2026-01-15T12:48:48","slug":"ny-checklista-for-solceller","status":"publish","type":"post","link":"https:\/\/el-vis.com\/se\/sv\/nyheter\/ny-checklista-for-solceller\/","title":{"rendered":"Checklista f\u00f6r solceller"},"content":{"rendered":"\n<h2 class=\"wp-block-heading\">Checklista f\u00f6r installation och provning av solceller<\/h2>\n\n\n\n<p>Vi har tagit fram en helt ny checklista f\u00f6r solceller. Mallen hj\u00e4lper dig att hantera teknisk data om solcellsmoduler, v\u00e4xelriktare och \u00f6vrig information. F\u00f6rdefinierad checklista f\u00f6r kontroll av DC- och AC-sidan samt f\u00f6r m\u00e4rkning och identifiering. Till mallen finns ocks\u00e5 ett nytt protokoll f\u00f6r provning av solcellerna (str\u00e4ngarna) d\u00e4r v\u00e4sentlig data fylls i. <\/p>\n\n\n\n<p>Denna checklista, som nu \u00e4r tillg\u00e4nglig i EL-VIS Mall Online, \u00e4r utformad f\u00f6r att underl\u00e4tta f\u00f6r b\u00e5de installat\u00f6rer och tekniker att s\u00e4kerst\u00e4lla en korrekt och s\u00e4ker installation av solcellsanl\u00e4ggningar.<\/p>\n\n\n\n<p><\/p>\n\n\n\n<div class=\"wp-block-buttons is-content-justification-center is-layout-flex wp-container-core-buttons-is-layout-16018d1d wp-block-buttons-is-layout-flex\">\n<div class=\"wp-block-button\"><a class=\"wp-block-button__link has-background wp-element-button\" href=\"https:\/\/app.el-vis.com\/#\/template\/new-document\" style=\"border-radius:5px;background-color:#0ebef1\" target=\"_blank\" rel=\"noreferrer noopener\">Skapa ett dokument<\/a><\/div>\n\n\n\n<div class=\"wp-block-button is-style-outline is-style-outline--1\"><a class=\"wp-block-button__link has-text-color wp-element-button\" href=\"https:\/\/el-vis.com\/se\/sv\/program\/dokumentation\/\" style=\"border-radius:5px;color:#0ebef1\"><strong>L\u00e4s mer om EL-VIS Mall Online<\/strong><\/a><\/div>\n<\/div>\n\n\n\n<p><\/p>\n\n\n\n<h2 class=\"wp-block-heading\">S\u00e5 H\u00e4r Kommer Du Ig\u00e5ng<\/h2>\n\n\n\n<p>Att b\u00f6rja anv\u00e4nda EL-VIS checklista f\u00f6r solceller \u00e4r enkelt. Logga in p\u00e5 EL-VIS, g\u00e5 till funktionen f\u00f6r Mall och v\u00e4lj att skapa ett nytt dokument. D\u00e4r hittar du v\u00e5r anpassade mall f\u00f6r solcellsinstallation och provning, redo att anv\u00e4ndas. Genom att integrera denna checklista i ditt arbetsfl\u00f6de kan du s\u00e4kerst\u00e4lla att varje installation genomf\u00f6rs med h\u00f6gsta precision och noggrannhet.<\/p>\n","protected":false},"excerpt":{"rendered":"<p>Nu har vi sl\u00e4ppt en helt ny anpassad checklista f\u00f6r installation och provning av solceller. Du hittar den i EL-VIS Mall n\u00e4r du skapar ett nytt dokument.<\/p>\n","protected":false},"author":3,"featured_media":6284,"comment_status":"closed","ping_status":"closed","sticky":false,"template":"","format":"standard","meta":{"_acf_changed":false,"inline_featured_image":false,"footnotes":""},"categories":[9,27],"tags":[54,62],"class_list":["post-2458","post","type-post","status-publish","format-standard","has-post-thumbnail","hentry","category-nyheter","category-app","tag-dokumenthantering-mallar","tag-produktuppdateringar"],"acf":[],"_links":{"self":[{"href":"https:\/\/el-vis.com\/se\/sv\/wp-json\/wp\/v2\/posts\/2458","targetHints":{"allow":["GET"]}}],"collection":[{"href":"https:\/\/el-vis.com\/se\/sv\/wp-json\/wp\/v2\/posts"}],"about":[{"href":"https:\/\/el-vis.com\/se\/sv\/wp-json\/wp\/v2\/types\/post"}],"author":[{"embeddable":true,"href":"https:\/\/el-vis.com\/se\/sv\/wp-json\/wp\/v2\/users\/3"}],"replies":[{"embeddable":true,"href":"https:\/\/el-vis.com\/se\/sv\/wp-json\/wp\/v2\/comments?post=2458"}],"version-history":[{"count":21,"href":"https:\/\/el-vis.com\/se\/sv\/wp-json\/wp\/v2\/posts\/2458\/revisions"}],"predecessor-version":[{"id":8380,"href":"https:\/\/el-vis.com\/se\/sv\/wp-json\/wp\/v2\/posts\/2458\/revisions\/8380"}],"wp:featuredmedia":[{"embeddable":true,"href":"https:\/\/el-vis.com\/se\/sv\/wp-json\/wp\/v2\/media\/6284"}],"wp:attachment":[{"href":"https:\/\/el-vis.com\/se\/sv\/wp-json\/wp\/v2\/media?parent=2458"}],"wp:term":[{"taxonomy":"category","embeddable":true,"href":"https:\/\/el-vis.com\/se\/sv\/wp-json\/wp\/v2\/categories?post=2458"},{"taxonomy":"post_tag","embeddable":true,"href":"https:\/\/el-vis.com\/se\/sv\/wp-json\/wp\/v2\/tags?post=2458"}],"curies":[{"name":"wp","href":"https:\/\/api.w.org\/{rel}","templated":true}]}}