{"id":5052,"date":"2024-10-30T10:59:18","date_gmt":"2024-10-30T09:59:18","guid":{"rendered":"https:\/\/el-vis.com\/se\/?p=5052"},"modified":"2024-10-30T10:59:21","modified_gmt":"2024-10-30T09:59:21","slug":"samarbeta-med-el-vis-kabeldimensionering","status":"publish","type":"post","link":"https:\/\/el-vis.com\/se\/sv\/nyheter\/samarbeta-med-el-vis-kabeldimensionering\/","title":{"rendered":"Samarbeta effektivt med EL-VIS Kabeldimensionering"},"content":{"rendered":"\n<p>EL-VIS Kabel g\u00f6r det enkelt att samarbeta med kabeldimensionering med kollegor. Om du redan \u00e4r kund och vill ha en detaljerad guide f\u00f6r att anv\u00e4nda dessa funktioner, bes\u00f6k v\u00e5rt <a href=\"https:\/\/support.el-vis.com\">supportcenter<\/a> f\u00f6r att snabbt komma ig\u00e5ng. Med funktionerna att skicka en kopia av kabeldimensioneringen eller byta \u00e4gare kan du h\u00e5lla alla inblandade uppdaterade och s\u00e4kerst\u00e4lla att r\u00e4tt person har kontroll \u00f6ver arbetet, beroende p\u00e5 projektets behov.<\/p>\n\n\n\n<figure class=\"wp-block-image size-full\"><img decoding=\"async\" width=\"489\" height=\"551\" data-src=\"https:\/\/cdn10757.templcdn.com\/se\/wp-content\/uploads\/sites\/3\/2024\/10\/Skarmavbild-2024-10-18-kl.-14.37.55.png\" alt=\"\" class=\"wp-image-6535 lazyload\" data-srcset=\"https:\/\/cdn10757.templcdn.com\/se\/wp-content\/uploads\/sites\/3\/2024\/10\/Skarmavbild-2024-10-18-kl.-14.37.55.png 489w, https:\/\/cdn10757.templcdn.com\/se\/wp-content\/uploads\/sites\/3\/2024\/10\/Skarmavbild-2024-10-18-kl.-14.37.55-266x300.png 266w\" data-sizes=\"(max-width: 489px) 100vw, 489px\" src=\"data:image\/svg+xml;base64,PHN2ZyB3aWR0aD0iMSIgaGVpZ2h0PSIxIiB4bWxucz0iaHR0cDovL3d3dy53My5vcmcvMjAwMC9zdmciPjwvc3ZnPg==\" style=\"--smush-placeholder-width: 489px; --smush-placeholder-aspect-ratio: 489\/551;\" \/><\/figure>\n\n\n\n<h2 class=\"wp-block-heading\">S\u00e5 samarbetar du med EL-VIS kabeldimensionering<\/h2>\n\n\n\n<ul class=\"wp-block-list\">\n<li><strong>Skicka en kopia av kabeldimensioneringen:<\/strong> Genom att skicka en kopia kan du snabbt dela viktig information utan att beh\u00f6va ge upp \u00e4garskapet. Du har m\u00f6jlighet att v\u00e4lja mottagare, l\u00e4gga till ett meddelande, och skicka ber\u00e4kningen direkt fr\u00e5n EL-VIS Kabel. Mottagaren f\u00e5r en kopia som visas i deras version av EL-VIS Kabel, men du beh\u00e5ller full kontroll \u00f6ver originalet. Den h\u00e4r funktionen \u00e4r idealisk n\u00e4r du vill informera en kollega, samla in feedback eller s\u00e4kerst\u00e4lla att alla inblandade har den senaste informationen utan att \u00f6verl\u00e5ta ansvar.<\/li>\n\n\n\n<li><strong>Byt \u00e4gare p\u00e5 kabeldimensioneringen:<\/strong> N\u00e4r ett projekt g\u00e5r vidare till n\u00e4sta steg kan du med EL-VIS Kabel enkelt byta \u00e4gare p\u00e5 kabeldimensioneringen. Detta inneb\u00e4r att du \u00f6verl\u00e5ter kontrollen till en annan anv\u00e4ndare i ditt team som f\u00e5r full \u00e5tkomst och ansvar f\u00f6r ber\u00e4kningen. Den nya \u00e4garen f\u00e5r en notifikation via mejl och kan direkt forts\u00e4tta arbetet, vilket s\u00e4kerst\u00e4ller att projektet kan forts\u00e4tta utan avbrott. Funktionen passar perfekt n\u00e4r en annan kollega beh\u00f6ver ta \u00f6ver ansvaret f\u00f6r att driva projektet vidare, och bytet sker enkelt och s\u00e4kert direkt i systemet.<\/li>\n<\/ul>\n\n\n\n<figure class=\"wp-block-image size-large\"><img decoding=\"async\" width=\"1024\" height=\"393\" data-src=\"https:\/\/cdn10757.templcdn.com\/se\/wp-content\/uploads\/sites\/3\/2024\/10\/Byt-Agare_EL-VIS-Kabel-1024x393.jpg\" alt=\"Samarbeta med EL-VIS kabeldimensionering\" class=\"wp-image-6533 lazyload\" data-srcset=\"https:\/\/cdn10757.templcdn.com\/se\/wp-content\/uploads\/sites\/3\/2024\/10\/Byt-Agare_EL-VIS-Kabel-1024x393.jpg 1024w, https:\/\/cdn10757.templcdn.com\/se\/wp-content\/uploads\/sites\/3\/2024\/10\/Byt-Agare_EL-VIS-Kabel-300x115.jpg 300w, https:\/\/cdn10757.templcdn.com\/se\/wp-content\/uploads\/sites\/3\/2024\/10\/Byt-Agare_EL-VIS-Kabel-768x295.jpg 768w, https:\/\/cdn10757.templcdn.com\/se\/wp-content\/uploads\/sites\/3\/2024\/10\/Byt-Agare_EL-VIS-Kabel-1536x590.jpg 1536w, https:\/\/cdn10757.templcdn.com\/se\/wp-content\/uploads\/sites\/3\/2024\/10\/Byt-Agare_EL-VIS-Kabel-scaled.jpg 1600w\" data-sizes=\"(max-width: 1024px) 100vw, 1024px\" src=\"data:image\/svg+xml;base64,PHN2ZyB3aWR0aD0iMSIgaGVpZ2h0PSIxIiB4bWxucz0iaHR0cDovL3d3dy53My5vcmcvMjAwMC9zdmciPjwvc3ZnPg==\" style=\"--smush-placeholder-width: 1024px; --smush-placeholder-aspect-ratio: 1024\/393;\" \/><\/figure>\n\n\n\n<h2 class=\"wp-block-heading\">Kombinera f\u00f6r b\u00e4sta resultat<\/h2>\n\n\n\n<p>Genom att kombinera funktionerna f\u00f6r att skicka kopior och byta \u00e4gare kan du skapa ett optimalt arbetsfl\u00f6de beroende p\u00e5 ditt teams behov. Beh\u00e5ll kontrollen n\u00e4r du beh\u00f6ver, och \u00f6verl\u00e5t n\u00e4r det \u00e4r dags att g\u00e5 vidare \u2013 EL-VIS Kabel g\u00f6r samarbetet enkelt och effektivt.<\/p>\n\n\n\n<h2 class=\"wp-block-heading\">Mer information och support <\/h2>\n\n\n\n<p>Vill du veta mer om hur du kan samarbeta med EL-VIS kabeldimensionering? Bes\u00f6k v\u00e5rt <a href=\"https:\/\/support.el-vis.com\">supportcenter<\/a> f\u00f6r detaljerade guider och svar p\u00e5 vanliga fr\u00e5gor. Du kan \u00e4ven f\u00f6lja v\u00e5ra senaste uppdateringar p\u00e5 <a href=\"https:\/\/updates.el-vis.com\">updates.el-vis.com<\/a> f\u00f6r att h\u00e5lla dig informerad om alla nya funktioner och f\u00f6rb\u00e4ttringar.<\/p>\n\n\n\n<p><em>Sammanfattningsvis hoppas vi att de h\u00e4r funktionerna hj\u00e4lper dig att spara tid, f\u00f6rb\u00e4ttra samarbetet och g\u00f6r att du kan arbeta effektivare. Om du \u00e4nnu inte har provat EL-VIS Kabel, \u00e4r det h\u00f6g tid att b\u00f6rja \u2013 du kommer inte att \u00e5ngra dig!&nbsp;<\/em><\/p>\n\n\n\n<p><a href=\"https:\/\/el-vis.com\/se\/sv\/program\/kabeldimensionering\/\">L\u00e4s mer om EL-VIS Kabel &gt; &nbsp;<\/a><\/p>\n\n\n\n<p><\/p>\n\n\n\n<hr class=\"wp-block-separator has-alpha-channel-opacity\" \/>\n\n\n\n<p><em>Den h\u00e4r artikeln publicerades f\u00f6rst den 20 december 2023 i och med att den nya funktionen Skicka en kopia sl\u00e4pptes. Uppdaterades 18 oktober 2024 i och med att den nya funktionen \u00c4ndra \u00e4gandeskap p\u00e5 Kabelber\u00e4kningar har sl\u00e4ppts. <\/em> <\/p>\n","protected":false},"excerpt":{"rendered":"<p>Att arbeta med elinstallationer kr\u00e4ver ofta noggranna kabelber\u00e4kningar. I EL-VIS Kabel kan du enkelt dela dina ber\u00e4kningar med dina kollegor genom att antingen skicka en kopia p\u00e5 ber\u00e4kningen eller l\u00e5ta dem forts\u00e4tta p\u00e5 dina ber\u00e4kning fr\u00e5n sitt eget konto. Du kan s\u00e5klart ocks\u00e5 spara en PDF eller skriva ut ber\u00e4kningen direkt. L\u00e4s vidare f\u00f6r att ta reda p\u00e5 mer om funktionerna f\u00f6r att samarbeta med kabeldimensionering.<\/p>\n","protected":false},"author":6,"featured_media":6538,"comment_status":"closed","ping_status":"closed","sticky":true,"template":"","format":"standard","meta":{"_acf_changed":false,"inline_featured_image":false,"footnotes":""},"categories":[9],"tags":[51,62],"class_list":["post-5052","post","type-post","status-publish","format-standard","has-post-thumbnail","hentry","category-nyheter","tag-kabeldimensionering","tag-produktuppdateringar"],"acf":[],"_links":{"self":[{"href":"https:\/\/el-vis.com\/se\/sv\/wp-json\/wp\/v2\/posts\/5052","targetHints":{"allow":["GET"]}}],"collection":[{"href":"https:\/\/el-vis.com\/se\/sv\/wp-json\/wp\/v2\/posts"}],"about":[{"href":"https:\/\/el-vis.com\/se\/sv\/wp-json\/wp\/v2\/types\/post"}],"author":[{"embeddable":true,"href":"https:\/\/el-vis.com\/se\/sv\/wp-json\/wp\/v2\/users\/6"}],"replies":[{"embeddable":true,"href":"https:\/\/el-vis.com\/se\/sv\/wp-json\/wp\/v2\/comments?post=5052"}],"version-history":[{"count":8,"href":"https:\/\/el-vis.com\/se\/sv\/wp-json\/wp\/v2\/posts\/5052\/revisions"}],"predecessor-version":[{"id":6586,"href":"https:\/\/el-vis.com\/se\/sv\/wp-json\/wp\/v2\/posts\/5052\/revisions\/6586"}],"wp:featuredmedia":[{"embeddable":true,"href":"https:\/\/el-vis.com\/se\/sv\/wp-json\/wp\/v2\/media\/6538"}],"wp:attachment":[{"href":"https:\/\/el-vis.com\/se\/sv\/wp-json\/wp\/v2\/media?parent=5052"}],"wp:term":[{"taxonomy":"category","embeddable":true,"href":"https:\/\/el-vis.com\/se\/sv\/wp-json\/wp\/v2\/categories?post=5052"},{"taxonomy":"post_tag","embeddable":true,"href":"https:\/\/el-vis.com\/se\/sv\/wp-json\/wp\/v2\/tags?post=5052"}],"curies":[{"name":"wp","href":"https:\/\/api.w.org\/{rel}","templated":true}]}}