{"id":6577,"date":"2025-10-30T16:29:39","date_gmt":"2025-10-30T15:29:39","guid":{"rendered":"https:\/\/el-vis.com\/se\/?p=6577"},"modified":"2025-10-30T16:44:46","modified_gmt":"2025-10-30T15:44:46","slug":"el-vis-stottar-mustaschkampen","status":"publish","type":"post","link":"https:\/\/el-vis.com\/se\/sv\/nyheter\/el-vis-stottar-mustaschkampen\/","title":{"rendered":"EL-VIS st\u00f6ttar Mustaschkampen"},"content":{"rendered":"\n<h2 class=\"wp-block-heading\">S\u00e5 bidrar vi tillsammans<\/h2>\n\n\n\n<p>EL-VIS st\u00f6ttar mustaschkampen genom v\u00e5r koncern <a href=\"http:\/\/www.smartcraft.com\" target=\"_blank\" rel=\"noreferrer noopener nofollow\">SmartCraft<span style=\"font-size: 17px\">&#8217;s <\/span><\/a><span style=\"font-size: 17px\"> intiativ att donera 100 kr per medarbetare. Vi l\u00e5ter mustascherna v\u00e4xa i november (b\u00e5de riktiga och fejk) och uppmuntrar er som arbetar inom elbranschen att st\u00f6tta kampanjen p\u00e5 liknande s\u00e4tt. \u00c5rets insamling \u00e4r s\u00e4rskilt inriktad p\u00e5 att driva fram ett projekt f\u00f6r tidig uppt\u00e4ckt av prostatacancer, med m\u00e5let att f\u00e5 till ett nationellt screeningsprogram \u2013 n\u00e5got som skulle kunna r\u00e4dda m\u00e5nga liv.<\/span><\/p>\n\n\n\n<div class=\"wp-block-buttons is-content-justification-center is-layout-flex wp-container-core-buttons-is-layout-16018d1d wp-block-buttons-is-layout-flex\">\n<div class=\"wp-block-button\"><a class=\"wp-block-button__link has-background has-text-align-center wp-element-button\" href=\"https:\/\/insamling.mustaschkampen.se\/fundraisers\/smartcraft-sweden-mustaschkampen-2025\" style=\"background-color:#009efc\" target=\"_blank\" rel=\"noreferrer noopener nofollow\"><strong>G\u00e5 till SmartCrafts insamling<\/strong><\/a><\/div>\n<\/div>\n\n\n\n<div style=\"height:43px\" aria-hidden=\"true\" class=\"wp-block-spacer\"><\/div>\n\n\n\n<h2 class=\"wp-block-heading\">Varf\u00f6r st\u00f6tta Mustaschkampen?<\/h2>\n\n\n\n<p>I Sverige f\u00e5r 30 m\u00e4n diagnosen prostatacancer varje dag och det \u00e4r Sveriges vanligaste cancerform. De flesta som drabbas \u00e4r \u00e4ldre \u00e4n 50 \u00e5r. Enligt <a href=\"https:\/\/www.elsakerhetsverket.se\/\" target=\"_blank\" rel=\"noreferrer noopener nofollow\">Els\u00e4kerhetsverket<\/a> best\u00e5r elbranschen till 96 % av m\u00e4n och genomsnitts\u00e5ldern f\u00f6r elinstallat\u00f6rer \u00e4r \u00f6ver 60 \u00e5r. Detta g\u00f6r Mustaschkampen s\u00e4rskilt angel\u00e4get f\u00f6r oss p\u00e5 EL-VIS. Genom att bidra kan vi tillsammans st\u00f6tta forskningen och skapa en s\u00e4krare framtid f\u00f6r alla i branschen.<\/p>\n\n\n\n<div class=\"wp-block-media-text is-stacked-on-mobile\"><figure class=\"wp-block-media-text__media\"><a href=\"https:\/\/insamling.mustaschkampen.se\/fundraisers\/smartcraft-sweden-mustaschkampen-2025\" target=\"_blank\" rel=\" noreferrer noopener nofollow\"><img decoding=\"async\" width=\"675\" height=\"675\" data-src=\"https:\/\/cdn10757.templcdn.com\/se\/wp-content\/uploads\/sites\/3\/2025\/10\/hanna.png\" alt=\"Kvinna som ler mot kameran\" class=\"wp-image-8025 size-full lazyload\" data-srcset=\"https:\/\/cdn10757.templcdn.com\/se\/wp-content\/uploads\/sites\/3\/2025\/10\/hanna.png 675w, https:\/\/cdn10757.templcdn.com\/se\/wp-content\/uploads\/sites\/3\/2025\/10\/hanna-300x300.png 300w, https:\/\/cdn10757.templcdn.com\/se\/wp-content\/uploads\/sites\/3\/2025\/10\/hanna-150x150.png 150w\" data-sizes=\"(max-width: 675px) 100vw, 675px\" src=\"data:image\/svg+xml;base64,PHN2ZyB3aWR0aD0iMSIgaGVpZ2h0PSIxIiB4bWxucz0iaHR0cDovL3d3dy53My5vcmcvMjAwMC9zdmciPjwvc3ZnPg==\" style=\"--smush-placeholder-width: 675px; --smush-placeholder-aspect-ratio: 675\/675;\" \/><\/a><\/figure><div class=\"wp-block-media-text__content\">\n<p>\u201dMustaschkampen \u00e4r en fr\u00e5ga som ligger oss varmt om hj\u00e4rtat. M\u00e5nga av v\u00e5ra kunder och samarbetspartners \u00e4r m\u00e4n, och vi vet att prostatacancer p\u00e5verkar oerh\u00f6rt m\u00e5nga \u2013 direkt eller indirekt. Genom att st\u00f6tta Mustaschkampen vill vi bidra till \u00f6kad kunskap, engagemang och forskning f\u00f6r att fler ska f\u00e5 en chans till tidig uppt\u00e4ckt och b\u00e4ttre v\u00e5rd.\u201d<br><br>\u2013 <em>Hanna Konyi, Vice VD SmartCraft ASA<\/em><\/p>\n<\/div><\/div>\n\n\n\n<p class=\"has-text-align-center\"><\/p>\n\n\n\n<h2 class=\"wp-block-heading\">EL-VIS st\u00f6ttar Mustaschkampen \u2013 g\u00f6r det du ocks\u00e5<\/h2>\n\n\n\n<p>F\u00f6r att uppm\u00e4rksamma kampen sk\u00e4nker vi 100 kr per anst\u00e4lld. Vill du ocks\u00e5 vara med och st\u00f6tta? G\u00f6r n\u00e5got liknande med ditt eget f\u00f6retag och <a href=\"https:\/\/insamling.mustaschkampen.se\/fundraisers\/smartcraft-sweden-mustaschkampen-2025\" target=\"_blank\" rel=\"noreferrer noopener nofollow\"> donera till v\u00e5r insamling<\/a>. Eller l\u00e4s mer om Mustaschkampen p\u00e5 <a href=\"https:\/\/www.mustaschkampen.se\/\" target=\"_blank\" rel=\"noreferrer noopener nofollow\">deras webbsida<\/a> och bidra p\u00e5 andra s\u00e4tt!<\/p>\n\n\n\n<p><\/p>\n\n\n\n<p>EL-VIS jobbar f\u00f6r en s\u00e4krare elbransch. <a href=\"https:\/\/el-vis.com\/se\/sv\/losningar\/\" target=\"_blank\" rel=\"noreferrer noopener\">Uppt\u00e4ck v\u00e5ra digitala l\u00f6sningar<\/a>.<\/p>\n","protected":false},"excerpt":{"rendered":"<p>EL-VIS st\u00e5r stolt bakom Mustaschkampen 2025 tillsammans med v\u00e5r koncern SmartCraft, f\u00f6r att st\u00f6tta m\u00e4ns h\u00e4lsa och \u00f6ka medvetenheten kring prostatacancer \u2013 en sjukdom som drabbar 1 av 5 m\u00e4n. F\u00f6r en bransch som till \u00f6ver 95 % best\u00e5r av m\u00e4n \u00e4r detta ett \u00e4mne som verkligen ber\u00f6r, och vi hoppas att fler vill vara med och g\u00f6ra skillnad.<\/p>\n","protected":false},"author":6,"featured_media":8016,"comment_status":"closed","ping_status":"closed","sticky":false,"template":"","format":"standard","meta":{"_acf_changed":false,"inline_featured_image":false,"footnotes":""},"categories":[9],"tags":[61,63],"class_list":["post-6577","post","type-post","status-publish","format-standard","has-post-thumbnail","hentry","category-nyheter","tag-nyheter-2","tag-utbildningar-event"],"acf":[],"_links":{"self":[{"href":"https:\/\/el-vis.com\/se\/sv\/wp-json\/wp\/v2\/posts\/6577","targetHints":{"allow":["GET"]}}],"collection":[{"href":"https:\/\/el-vis.com\/se\/sv\/wp-json\/wp\/v2\/posts"}],"about":[{"href":"https:\/\/el-vis.com\/se\/sv\/wp-json\/wp\/v2\/types\/post"}],"author":[{"embeddable":true,"href":"https:\/\/el-vis.com\/se\/sv\/wp-json\/wp\/v2\/users\/6"}],"replies":[{"embeddable":true,"href":"https:\/\/el-vis.com\/se\/sv\/wp-json\/wp\/v2\/comments?post=6577"}],"version-history":[{"count":27,"href":"https:\/\/el-vis.com\/se\/sv\/wp-json\/wp\/v2\/posts\/6577\/revisions"}],"predecessor-version":[{"id":8028,"href":"https:\/\/el-vis.com\/se\/sv\/wp-json\/wp\/v2\/posts\/6577\/revisions\/8028"}],"wp:featuredmedia":[{"embeddable":true,"href":"https:\/\/el-vis.com\/se\/sv\/wp-json\/wp\/v2\/media\/8016"}],"wp:attachment":[{"href":"https:\/\/el-vis.com\/se\/sv\/wp-json\/wp\/v2\/media?parent=6577"}],"wp:term":[{"taxonomy":"category","embeddable":true,"href":"https:\/\/el-vis.com\/se\/sv\/wp-json\/wp\/v2\/categories?post=6577"},{"taxonomy":"post_tag","embeddable":true,"href":"https:\/\/el-vis.com\/se\/sv\/wp-json\/wp\/v2\/tags?post=6577"}],"curies":[{"name":"wp","href":"https:\/\/api.w.org\/{rel}","templated":true}]}}